{"id":4397,"__str__":"Indica\u00e7\u00e3o n\u00ba 903 de 2025","link_detail_backend":"/materia/4397","metadata":{},"numero":903,"ano":2025,"numero_protocolo":1216,"data_apresentacao":"2025-06-26","tipo_apresentacao":"","data_publicacao":null,"numero_origem_externa":"","ano_origem_externa":null,"data_origem_externa":null,"apelido":"","dias_prazo":null,"data_fim_prazo":null,"em_tramitacao":true,"polemica":false,"objeto":"","complementar":false,"ementa":"Solicito que seja constru\u00eddo uma pra\u00e7a p\u00fablica, na rua Sebasti\u00e3o de Carvalho, especificamente em frente \u00e0 igreja Batista, no bairro do Areal.","indexacao":"","observacao":"","resultado":"","texto_original":"http://sapl.barradopirai.rj.leg.br/media/sapl/public/materialegislativa/2025/4397/indicacao_093-_construcao_de_praca_no_areal..docx","data_ultima_atualizacao":"2025-06-26T15:31:17.991366-03:00","ip":"","ultima_edicao":null,"tipo":4,"regime_tramitacao":3,"tipo_origem_externa":null,"local_origem_externa":null,"user":null,"anexadas":[],"autores":[87]}